{"id":2104,"date":"2015-01-25T19:19:52","date_gmt":"2015-01-25T18:19:52","guid":{"rendered":"https:\/\/www.icripalimosani.edu.it\/?p=2104"},"modified":"2015-01-25T19:19:52","modified_gmt":"2015-01-25T18:19:52","slug":"il-27-gennaio-e-il-giorno-per-non-dimenticare","status":"publish","type":"post","link":"https:\/\/icripalimosani.edu.it\/site\/2015\/01\/25\/il-27-gennaio-e-il-giorno-per-non-dimenticare\/","title":{"rendered":"Il 27 gennaio \u00e8 il giorno per non dimenticare"},"content":{"rendered":"<p><span style=\"font-size: 12pt;\">Il <\/span><span style=\"font-size: 14pt;\"><strong><span style=\"font-size: 12pt;\">27 gennaio si celebra il &#8220;Giorno della memoria&#8221;<\/span>\u00a0<\/strong><\/span> per ricordare le leggi razziali in Italia, lo sterminio del popolo ebraico e le persecuzioni subite da tutti i deportati nei campi nazisti.<\/p>\n<p>Quest\u2019anno ricorre il 70\u00b0 anniversario della liberazione dei sopravvissuti al campo di concentramento di Auschwitz : era infatti il 27 gennaio 1945 quando le truppe sovietiche dell\u2019Armata rossa che avanzavano verso Berlino raggiunsero il lager presso la citt\u00e0 polacca di O\u015bwi\u0119cim (in tedesco Auschwitz), abbattendone i cancelli e consentendo quindi ai sopravvissuti di rivelare gli orrori e i crimini infami commessi dai nazisti.<\/p>\n<p>Il nostro Istituto Comprensivo\u00a0affronta in ambito educativo e didattico il tema della Shoah, attraverso strategie mirate: gli alunni della Secondaria si recheranno, accompagnati dai docenti, al cinema Maestoso di Campobasso per vedere il\u00a0 film<strong> \u00a0&#8220;Corri ragazzo corri&#8221;<\/strong> sul quale , poi, faranno degli approfondimenti. I bambini della Primaria rifletteranno, in vario modo, sul tema della memoria con le loro insegnanti.<\/p>\n<p>A tal fine si allega l&#8217;indirizzo mail, presso cui visionare la lettera del Ministro Giannini e il Protocollo firmato tra il Miur e l&#8217;Unione delle Comunit\u00e0 Ebraiche Italiane: http:\/\/ hubmiur.pubblica.istruzione.it\/web\/ministero\/cs190115-<\/p>\n","protected":false},"excerpt":{"rendered":"<p>Il 27 gennaio si celebra il &#8220;Giorno della memoria&#8221;  per ricordare le leggi razziali in Italia, lo sterminio del popolo ebraico e le persecuzioni subite da tutti i deportati nei campi nazisti&#8230;<\/p>\n","protected":false},"author":1,"featured_media":0,"comment_status":"closed","ping_status":"closed","sticky":false,"template":"","format":"standard","meta":{"footnotes":""},"categories":[1],"tags":[],"_links":{"self":[{"href":"https:\/\/icripalimosani.edu.it\/site\/wp-json\/wp\/v2\/posts\/2104"}],"collection":[{"href":"https:\/\/icripalimosani.edu.it\/site\/wp-json\/wp\/v2\/posts"}],"about":[{"href":"https:\/\/icripalimosani.edu.it\/site\/wp-json\/wp\/v2\/types\/post"}],"author":[{"embeddable":true,"href":"https:\/\/icripalimosani.edu.it\/site\/wp-json\/wp\/v2\/users\/1"}],"replies":[{"embeddable":true,"href":"https:\/\/icripalimosani.edu.it\/site\/wp-json\/wp\/v2\/comments?post=2104"}],"version-history":[{"count":0,"href":"https:\/\/icripalimosani.edu.it\/site\/wp-json\/wp\/v2\/posts\/2104\/revisions"}],"wp:attachment":[{"href":"https:\/\/icripalimosani.edu.it\/site\/wp-json\/wp\/v2\/media?parent=2104"}],"wp:term":[{"taxonomy":"category","embeddable":true,"href":"https:\/\/icripalimosani.edu.it\/site\/wp-json\/wp\/v2\/categories?post=2104"},{"taxonomy":"post_tag","embeddable":true,"href":"https:\/\/icripalimosani.edu.it\/site\/wp-json\/wp\/v2\/tags?post=2104"}],"curies":[{"name":"wp","href":"https:\/\/api.w.org\/{rel}","templated":true}]}}