{"id":3272,"date":"2015-11-15T07:51:19","date_gmt":"2015-11-15T06:51:19","guid":{"rendered":"https:\/\/www.icripalimosani.edu.it\/?p=3272"},"modified":"2015-11-15T07:51:19","modified_gmt":"2015-11-15T06:51:19","slug":"lunedi-in-tutti-i-plessi-del-nostro-istituto-si-osservera-un-minuto-di-silenzio-per-commemorare-le-vittime-di-parigi","status":"publish","type":"post","link":"https:\/\/icripalimosani.edu.it\/site\/2015\/11\/15\/lunedi-in-tutti-i-plessi-del-nostro-istituto-si-osservera-un-minuto-di-silenzio-per-commemorare-le-vittime-di-parigi\/","title":{"rendered":"Luned\u00ec in tutti i plessi del nostro Istituto si osserver\u00e0 un minuto di silenzio per commemorare le vittime di Parigi"},"content":{"rendered":"<p>Nelle scuole del nostro Istituto, accogliendo l&#8217;invito del Ministro Giannini, si osserver\u00e0 un minuto di silenzio (alle ore 10) per le vittime di Parigi e almeno un&#8217;ora di riflessione sui fatti accaduti.<\/p>\n<p>Ecco il testo del messaggio del Ministro Giannini:<\/p>\n<p><em> I gravissimi fatti di Parigi rappresentano un attacco al cuore dell&#8217;Europa senza precedenti. Un attacco al quale dobbiamo subito dare una risposta, innanzitutto educativa e culturale.\u00a0<a href=\"https:\/\/m.facebook.com\/hashtag\/porteouverte?refid=52&amp;__tn__=%2As\">\u202a#\u200ePorteOuverte\u202c<\/a>, Porta Aperta, \u00e8 stata la parola d&#8217;ordine lanciata sui social network dai cittadini di Parigi subito dopo gli attacchi terroristici, per offrire un riparo a chi era in strada terrorizzato. Una reazione di grande civilt\u00e0 e coraggio.<\/em><\/p>\n<div class=\"itemFullText\">\n<p><em>Porta Aperta deve essere anche la nostra risposta. Non possiamo restare indifferenti, paralizzati e chiuderci nelle nostre paure. Per questo, invito le scuole, le universit\u00e0, le istituzioni dell&#8217;Alta formazione artistica e musicale a dedicare, nella giornata di luned\u00ec, un minuto di silenzio alle vittime della strage parigina e almeno un&#8217;ora alla riflessione sui fatti accaduti. Porte Aperte significa anche coinvolgere la cittadinanza, le famiglie.<\/em><\/p>\n<p><em>Le nostre scuole, le nostre universit\u00e0, i nostri centri di ricerca sono il primo luogo dove l&#8217;orrore pu\u00f2 essere sconfitto, a diversi livelli di consapevolezza, che resta l&#8217;antidoto pi\u00f9 efficace di fronte alla violenza e a questa guerra senza frontiere e senza eserciti.<\/em><\/p>\n<p><em>I nostri ragazzi hanno il diritto di sapere, di conoscere la storia, di capire da dove nasce ci\u00f2 che stiamo vivendo in queste ore. Il nostro patrimonio di valori pu\u00f2 essere difeso solo se le nuove generazioni sono aiutate ad uscire dall&#8217;indifferenza. Non possiamo cambiare &#8216;canale&#8217; davanti a queste immagini di morte. Dobbiamo parlarne con i nostri studenti e aiutarli a capire che c&#8217;\u00e8 e ci potr\u00e0 sempre essere un principio di ricostruzione della nostra identit\u00e0 in cui credere e riconoscersi. E dobbiamo aiutarli a rifiutare, oggi pi\u00f9 che mai, qualsiasi tentazione xenofoba o razzista. \u00c8 gi\u00e0 successo tante volte nella storia, siamo figli e nipoti di persone che hanno dato la vita per affermarlo. L&#8217;educazione \u00e8 il primo spazio in cui riaffermare i nostri valori, le nostre radici, quindi la nostra libert\u00e0.<\/em><\/p>\n<p><em>Grazie ragazzi, grazie insegnanti, professori e ricercatori per il vostro impegno e per la vostra testimonianza.<\/em><\/p>\n<\/div>\n<div id=\"banner_bottom_articolo\"><\/div>\n<div class=\"itemNavigation\"><\/div>\n<p>&nbsp;<\/p>\n","protected":false},"excerpt":{"rendered":"<p>Nelle scuole del nostro Istituto, accogliendo l&#8217;invito del Ministro Giannini, si osserver\u00e0 un minuto di silenzio (alle ore 10) per le vittime di Parigi e almeno un&#8217;ora di riflessione sui fatti accaduti.<\/p>\n","protected":false},"author":1,"featured_media":0,"comment_status":"closed","ping_status":"closed","sticky":false,"template":"","format":"standard","meta":{"footnotes":""},"categories":[1],"tags":[],"_links":{"self":[{"href":"https:\/\/icripalimosani.edu.it\/site\/wp-json\/wp\/v2\/posts\/3272"}],"collection":[{"href":"https:\/\/icripalimosani.edu.it\/site\/wp-json\/wp\/v2\/posts"}],"about":[{"href":"https:\/\/icripalimosani.edu.it\/site\/wp-json\/wp\/v2\/types\/post"}],"author":[{"embeddable":true,"href":"https:\/\/icripalimosani.edu.it\/site\/wp-json\/wp\/v2\/users\/1"}],"replies":[{"embeddable":true,"href":"https:\/\/icripalimosani.edu.it\/site\/wp-json\/wp\/v2\/comments?post=3272"}],"version-history":[{"count":0,"href":"https:\/\/icripalimosani.edu.it\/site\/wp-json\/wp\/v2\/posts\/3272\/revisions"}],"wp:attachment":[{"href":"https:\/\/icripalimosani.edu.it\/site\/wp-json\/wp\/v2\/media?parent=3272"}],"wp:term":[{"taxonomy":"category","embeddable":true,"href":"https:\/\/icripalimosani.edu.it\/site\/wp-json\/wp\/v2\/categories?post=3272"},{"taxonomy":"post_tag","embeddable":true,"href":"https:\/\/icripalimosani.edu.it\/site\/wp-json\/wp\/v2\/tags?post=3272"}],"curies":[{"name":"wp","href":"https:\/\/api.w.org\/{rel}","templated":true}]}}