{"id":5023,"date":"2016-05-21T17:29:54","date_gmt":"2016-05-21T15:29:54","guid":{"rendered":"https:\/\/www.icripalimosani.edu.it\/?p=5023"},"modified":"2016-05-21T17:29:54","modified_gmt":"2016-05-21T15:29:54","slug":"23-maggio-giornata-della-legalita","status":"publish","type":"post","link":"https:\/\/icripalimosani.edu.it\/site\/2016\/05\/21\/23-maggio-giornata-della-legalita\/","title":{"rendered":"23 Maggio: giornata della legalit\u00e0"},"content":{"rendered":"<p>23 Maggio : giornata della legalit\u00e0<\/p>\n<p>Luned\u00ec 23 maggio 50.000 studenti di tutto il Paese si uniranno in un grande coro contro la mafia e per la legalit\u00e0 in occasione del XXIV anniversario delle stragi di Capaci e Via d\u2019Amelio. Il cuore degli eventi a Palermo, nel ricordo di Giovanni Falcone, Paolo Borsellino, Francesca Morvillo e degli agenti delle loro scorte. Ma l\u2019evento \u201cPalermo chiama Italia\u201d, organizzato dalla Fondazione \u201cGiovanni e Francesca Falcone\u201d, con la Direzione Generale per lo Studente del Ministero dell\u2019Istruzione, dell\u2019Universit\u00e0 e della Ricerca, si estender\u00e0 a tutto il Paese, toccando altre otto citt\u00e0 italiane, in cui cittadini e studenti saranno presenti per dare testimonianza del loro impegno per la legalit\u00e0.<\/p>\n<p>L\u2019edizione 2016 sar\u00e0 caratterizzata da numerose iniziative che porteranno sui social la manifestazione, con l\u2019obiettivo di diffondere sempre di pi\u00f9 i suoi messaggi. Sar\u00e0 possibile seguire gli eventi in live twitting sui profili <em>@MiurSocial<\/em> e <em>@23maggioItalia<\/em>. Gli <em>hashtag<\/em> della manifestazione saranno #23maggio, #PalermoChiamaItalia. Foto e momenti salienti degli eventi saranno raccontati su Facebook attraverso gli account Miur Social e Palermo Chiama Italia. Sul profilo del Miur sar\u00e0 trasmessa, dalle 16.00, la diretta del corteo che partir\u00e0 dall\u2019Aula Bunker per arrivare sotto casa del giudice Falcone. Grazie all\u2019impegno degli studenti dell\u2019Istituto CineTV \u201cRossellini\u201d di Roma, che riprenderanno tutte le fasi dell\u2019organizzazione, sar\u00e0 possibile seguire i momenti che precederanno la giornata del 23 maggio sul canale Youtube Palermo Chiama Italia.<\/p>\n<p><strong>Si invitano i docenti dell&#8217;I.C. &#8220;Alighieri&#8221; di Ripalimosani a proporre attivit\u00e0 e\u00a0 riflessioni guidate nelle classi sull&#8217;importanza di questa giornata.<\/strong><\/p>\n","protected":false},"excerpt":{"rendered":"<p>Luned\u00ec 23 maggio 50.000 studenti di tutto il Paese si uniranno in un grande coro contro la mafia e per la legalit\u00e0&#8230;.<\/p>\n","protected":false},"author":1,"featured_media":0,"comment_status":"closed","ping_status":"closed","sticky":false,"template":"","format":"standard","meta":{"footnotes":""},"categories":[1],"tags":[],"_links":{"self":[{"href":"https:\/\/icripalimosani.edu.it\/site\/wp-json\/wp\/v2\/posts\/5023"}],"collection":[{"href":"https:\/\/icripalimosani.edu.it\/site\/wp-json\/wp\/v2\/posts"}],"about":[{"href":"https:\/\/icripalimosani.edu.it\/site\/wp-json\/wp\/v2\/types\/post"}],"author":[{"embeddable":true,"href":"https:\/\/icripalimosani.edu.it\/site\/wp-json\/wp\/v2\/users\/1"}],"replies":[{"embeddable":true,"href":"https:\/\/icripalimosani.edu.it\/site\/wp-json\/wp\/v2\/comments?post=5023"}],"version-history":[{"count":0,"href":"https:\/\/icripalimosani.edu.it\/site\/wp-json\/wp\/v2\/posts\/5023\/revisions"}],"wp:attachment":[{"href":"https:\/\/icripalimosani.edu.it\/site\/wp-json\/wp\/v2\/media?parent=5023"}],"wp:term":[{"taxonomy":"category","embeddable":true,"href":"https:\/\/icripalimosani.edu.it\/site\/wp-json\/wp\/v2\/categories?post=5023"},{"taxonomy":"post_tag","embeddable":true,"href":"https:\/\/icripalimosani.edu.it\/site\/wp-json\/wp\/v2\/tags?post=5023"}],"curies":[{"name":"wp","href":"https:\/\/api.w.org\/{rel}","templated":true}]}}