{"id":5678,"date":"2016-10-03T18:26:29","date_gmt":"2016-10-03T16:26:29","guid":{"rendered":"https:\/\/www.icripalimosani.edu.it\/?p=5678"},"modified":"2016-10-03T18:26:29","modified_gmt":"2016-10-03T16:26:29","slug":"al-senato","status":"publish","type":"post","link":"https:\/\/icripalimosani.edu.it\/site\/2016\/10\/03\/al-senato\/","title":{"rendered":"Al Senato"},"content":{"rendered":"<figure id=\"attachment_5679\" aria-describedby=\"caption-attachment-5679\" style=\"width: 708px\" class=\"wp-caption aligncenter\"><img decoding=\"async\" loading=\"lazy\" class=\" wp-image-5679\" src=\"https:\/\/www.icripalimosani.edu.it\/wp-content\/uploads\/2016\/10\/Senato.jpg\" alt=\"Visita dell'IC &quot;D. Alighieri&quot; di Ripalimosani (CB)\" width=\"708\" height=\"472\" srcset=\"https:\/\/icripalimosani.edu.it\/site\/wp-content\/uploads\/2016\/10\/Senato.jpg 800w, https:\/\/icripalimosani.edu.it\/site\/wp-content\/uploads\/2016\/10\/Senato-300x200.jpg 300w, https:\/\/icripalimosani.edu.it\/site\/wp-content\/uploads\/2016\/10\/Senato-768x512.jpg 768w\" sizes=\"(max-width: 708px) 100vw, 708px\" \/><figcaption id=\"caption-attachment-5679\" class=\"wp-caption-text\">Visita dell&#8217;IC &#8220;D. Alighieri&#8221; di Ripalimosani (CB)<\/figcaption><\/figure>\n<h3>La prima Giornata nazionale in memoria delle vittime dell&#8217;immigrazione celebrata con la premiazione dell&#8217;IC &#8220;Alighieri&#8221; di Ripalimosani (CB)<\/h3>\n<div>\n<p>Fra le vincitrici del concorso nazionale &#8220;Testimoni dei diritti&#8221;, a.s. 2015-2016, la classe 3<sup>a<\/sup> della scuola secondaria di primo grado molisana \u00e8 stata premiata oggi dal <a href=\"http:\/\/www.senato.it\/leg\/17\/BGT\/Schede\/Attsen\/00001426.htm\" target=\"_blank\" rel=\"noopener noreferrer\">sen. Luigi Manconi<\/a>.<\/p>\n<p>E&#8217; stata scelta proprio la data del 3 ottobre &#8211; nella ricorrenza della prima Giornata in memoria delle vittime dell&#8217;immigrazione &#8211;\u00a0 per tenere la premiazione della scuola, poich\u00e9 l&#8217;elaborato presentato nell&#8217;ambito del concorso &#8211; giunto con l&#8217;anno scolastico 2016-2017 alla nona edizione &#8211; era volto a &#8220;testimoniare&#8221; l&#8217;articolo 14 della Dichiarazione universale dei diritti umani.<\/p>\n<p>&#8220;Un viaggio chiamato casa&#8221;, che\u00a0 ha approfondito il tema del diritto d&#8217;asilo e dell&#8217;accoglienza dei migranti, \u00e8 stato presentato dai preparati ragazzi della scuola media di Petrella Tifernina nei locali del Centro di <em>in<\/em>-Form@zione del Senato, alla presenza del sen. Luigi Manconi, presidente della <a href=\"http:\/\/www.senato.it\/leg\/17\/BGT\/Schede\/Commissioni\/0-00075.htm\" target=\"_blank\" rel=\"noopener noreferrer\">Commissione per la tutela e la promozione dei diritti umani<\/a>.<\/p>\n<p>All&#8217;esposizione del progetto svolta dagli studenti \u00e8 seguito un intervento del sen. Manconi, che si \u00e8 complimentato vivamente con loro per il successo conseguito in uno dei pi\u00f9 complessi e articolati concorsi tra quelli banditi dal Senato e dal MIUR. Il sen. Manconi ha sottolineato l&#8217;importanza della consapevolezza e della conoscenza dell&#8217;altro che gli studenti hanno acquisito durante il progetto, poich\u00e9 questa \u00e8 l&#8217;arma pi\u00f9 potente per sconfiggere la xenofobia e favorire l&#8217;inclusione e la convivenza civile con gli immigrati.<\/p>\n<p>A chiusura dell&#8217;incontro, il sen. Manconi ha premiato i ragazzi, che hanno poi svolto la visita di palazzo Madama.<\/p>\n<\/div>\n<p>Per leggere la notizia vai a http:\/\/www.senatoperiragazzi.it\/galleria\/Testimoni_Ripalimosani_2016<\/p>\n<p>&nbsp;<\/p>\n","protected":false},"excerpt":{"rendered":"<p>La prima Giornata nazionale in memoria delle vittime dell&#8217;immigrazione celebrata con la premiazione dell&#8217;IC &#8220;Alighieri&#8221; di Ripalimosani (CB) Fra le vincitrici del concorso nazionale &#8220;Testimoni dei diritti&#8221;, a.s. 2015-2016, la classe 3a della scuola secondaria di primo grado molisana \u00e8 stata premiata oggi dal sen. Luigi Manconi. E&#8217; stata scelta proprio la data del 3 [&hellip;]<\/p>\n","protected":false},"author":1,"featured_media":0,"comment_status":"closed","ping_status":"closed","sticky":false,"template":"","format":"standard","meta":{"footnotes":""},"categories":[1],"tags":[],"_links":{"self":[{"href":"https:\/\/icripalimosani.edu.it\/site\/wp-json\/wp\/v2\/posts\/5678"}],"collection":[{"href":"https:\/\/icripalimosani.edu.it\/site\/wp-json\/wp\/v2\/posts"}],"about":[{"href":"https:\/\/icripalimosani.edu.it\/site\/wp-json\/wp\/v2\/types\/post"}],"author":[{"embeddable":true,"href":"https:\/\/icripalimosani.edu.it\/site\/wp-json\/wp\/v2\/users\/1"}],"replies":[{"embeddable":true,"href":"https:\/\/icripalimosani.edu.it\/site\/wp-json\/wp\/v2\/comments?post=5678"}],"version-history":[{"count":0,"href":"https:\/\/icripalimosani.edu.it\/site\/wp-json\/wp\/v2\/posts\/5678\/revisions"}],"wp:attachment":[{"href":"https:\/\/icripalimosani.edu.it\/site\/wp-json\/wp\/v2\/media?parent=5678"}],"wp:term":[{"taxonomy":"category","embeddable":true,"href":"https:\/\/icripalimosani.edu.it\/site\/wp-json\/wp\/v2\/categories?post=5678"},{"taxonomy":"post_tag","embeddable":true,"href":"https:\/\/icripalimosani.edu.it\/site\/wp-json\/wp\/v2\/tags?post=5678"}],"curies":[{"name":"wp","href":"https:\/\/api.w.org\/{rel}","templated":true}]}}