{"id":63026,"date":"2019-01-28T19:13:09","date_gmt":"2019-01-28T18:13:09","guid":{"rendered":"https:\/\/www.icripalimosani.edu.it\/?p=63026"},"modified":"2019-01-28T19:13:09","modified_gmt":"2019-01-28T18:13:09","slug":"giornata-della-memoria-27-gennaio","status":"publish","type":"post","link":"https:\/\/icripalimosani.edu.it\/site\/2019\/01\/28\/giornata-della-memoria-27-gennaio\/","title":{"rendered":"Giornata della memoria &#8211; 27 Gennaio &#8211; i lavori dei nostri ragazzi"},"content":{"rendered":"<p><strong>ORATINO<\/strong><\/p>\n<p>Per la giornata della memoria, la scuola dell&#8217;infanzia e la scuola primaria hanno svolto un laboratorio creativo, mettendo a frutto le emozioni suscitate dalla visione del film d&#8217;animazione &#8220;La stella di Andra e Tati&#8221;.<\/p>\n<p>Di seguito alcune immagini<\/p>\n<p><a href=\"https:\/\/www.icripalimosani.edu.it\/wp-content\/uploads\/2019\/01\/IMG_20190129_103622-e1548948007316.jpg\"><img decoding=\"async\" loading=\"lazy\" class=\"wp-image-63048 alignleft\" src=\"https:\/\/www.icripalimosani.edu.it\/wp-content\/uploads\/2019\/01\/IMG_20190129_103622-e1548948007316-225x300.jpg\" alt=\"\" width=\"161\" height=\"215\" srcset=\"https:\/\/icripalimosani.edu.it\/site\/wp-content\/uploads\/2019\/01\/IMG_20190129_103622-e1548948007316-225x300.jpg 225w, https:\/\/icripalimosani.edu.it\/site\/wp-content\/uploads\/2019\/01\/IMG_20190129_103622-e1548948007316-768x1024.jpg 768w, https:\/\/icripalimosani.edu.it\/site\/wp-content\/uploads\/2019\/01\/IMG_20190129_103622-e1548948007316-1152x1536.jpg 1152w, https:\/\/icripalimosani.edu.it\/site\/wp-content\/uploads\/2019\/01\/IMG_20190129_103622-e1548948007316-1536x2048.jpg 1536w, https:\/\/icripalimosani.edu.it\/site\/wp-content\/uploads\/2019\/01\/IMG_20190129_103622-e1548948007316-scaled.jpg 1920w\" sizes=\"(max-width: 161px) 100vw, 161px\" \/><\/a><\/p>\n<p>&nbsp;<\/p>\n<p>&nbsp;<\/p>\n<p>&nbsp;<\/p>\n<p><a href=\"https:\/\/www.icripalimosani.edu.it\/wp-content\/uploads\/2019\/01\/IMG_20190130_101102_resized_20190130_115204954.jpg\"><img decoding=\"async\" loading=\"lazy\" class=\"size-medium wp-image-63049 alignright\" src=\"https:\/\/www.icripalimosani.edu.it\/wp-content\/uploads\/2019\/01\/IMG_20190130_101102_resized_20190130_115204954-300x225.jpg\" alt=\"\" width=\"300\" height=\"225\" srcset=\"https:\/\/icripalimosani.edu.it\/site\/wp-content\/uploads\/2019\/01\/IMG_20190130_101102_resized_20190130_115204954-300x225.jpg 300w, https:\/\/icripalimosani.edu.it\/site\/wp-content\/uploads\/2019\/01\/IMG_20190130_101102_resized_20190130_115204954-1024x768.jpg 1024w, https:\/\/icripalimosani.edu.it\/site\/wp-content\/uploads\/2019\/01\/IMG_20190130_101102_resized_20190130_115204954-768x576.jpg 768w, https:\/\/icripalimosani.edu.it\/site\/wp-content\/uploads\/2019\/01\/IMG_20190130_101102_resized_20190130_115204954-1536x1152.jpg 1536w, https:\/\/icripalimosani.edu.it\/site\/wp-content\/uploads\/2019\/01\/IMG_20190130_101102_resized_20190130_115204954-2048x1536.jpg 2048w\" sizes=\"(max-width: 300px) 100vw, 300px\" \/><\/a> <a href=\"https:\/\/www.icripalimosani.edu.it\/wp-content\/uploads\/2019\/01\/IMG_20190130_101349_resized_20190130_115206892.jpg\"><img decoding=\"async\" loading=\"lazy\" class=\"aligncenter size-medium wp-image-63050\" src=\"https:\/\/www.icripalimosani.edu.it\/wp-content\/uploads\/2019\/01\/IMG_20190130_101349_resized_20190130_115206892-300x225.jpg\" alt=\"\" width=\"300\" height=\"225\" srcset=\"https:\/\/icripalimosani.edu.it\/site\/wp-content\/uploads\/2019\/01\/IMG_20190130_101349_resized_20190130_115206892-300x225.jpg 300w, https:\/\/icripalimosani.edu.it\/site\/wp-content\/uploads\/2019\/01\/IMG_20190130_101349_resized_20190130_115206892-1024x768.jpg 1024w, https:\/\/icripalimosani.edu.it\/site\/wp-content\/uploads\/2019\/01\/IMG_20190130_101349_resized_20190130_115206892-768x576.jpg 768w, https:\/\/icripalimosani.edu.it\/site\/wp-content\/uploads\/2019\/01\/IMG_20190130_101349_resized_20190130_115206892-1536x1152.jpg 1536w, https:\/\/icripalimosani.edu.it\/site\/wp-content\/uploads\/2019\/01\/IMG_20190130_101349_resized_20190130_115206892-2048x1536.jpg 2048w\" sizes=\"(max-width: 300px) 100vw, 300px\" \/><\/a><\/p>\n<p>&nbsp;<\/p>\n<p><strong>RIPALIMOSANI<\/strong><\/p>\n<div style=\"text-align: justify;\">Sabato 26 gennaio 2019, in occasione del Giorno della Memoria, gli alunni delle classi <strong>3^, 4^ e 5^ della Scuola Primaria di Ripalimosani<\/strong>, in un breve, ma intenso momento di condivisione e di solidariet\u00e0, hanno voluto ricordare con un canto, con poesie e pensieri le vittime della Shoah.<\/div>\n<div style=\"text-align: justify;\">Per accrescere nei bambini la consapevolezza che quanto accaduto non dovr\u00e0 mai pi\u00f9 ripetersi, \u00e8 stato proiettato il film di animazione, trasmesso da RAI GULP, intitolato \u201cLa stella di Andra e Tati\u201d: la storia vera delle sorelle Bucci sopravvissute ai campi di concentramento.<\/div>\n<div style=\"text-align: justify;\">Di seguito un video realizzato in tale occasione:<\/div>\n<p><a href=\"https:\/\/wetransfer.com\/downloads\/2897321992f89a8e18f6529eaeb18cb020190128195237\/c15c049e689ec3bf4c1cfb4528939e0820190128195237\/d380e5\">https:\/\/wetransfer.com\/downloads\/2897321992f89a8e18f6529eaeb18cb020190128195237\/c15c049e689ec3bf4c1cfb4528939e0820190128195237\/d380e5<\/a><\/p>\n<p style=\"text-align: center;\">&#8230;&#8230;&#8230;&#8230;&#8230;&#8230;&#8230;&#8230;&#8230;&#8230;&#8230;&#8230;&#8230;&#8230;&#8230;&#8230;..<\/p>\n<p><strong>CAMPOLIETO<\/strong><\/p>\n<p>In occasione della giornata della memoria i ragazzi della <strong>scuola primaria di Campoliet<\/strong>o hanno realizzato dei cartelloni, seguiti dalle insegnanti, a completamento di una riflessione sulla storia del recente passato e la Shoah.<\/p>\n<p><a href=\"https:\/\/www.icripalimosani.edu.it\/wp-content\/uploads\/2019\/01\/IMG-20190130-WA0000.jpg\"><img decoding=\"async\" loading=\"lazy\" class=\"aligncenter size-medium wp-image-63045\" src=\"https:\/\/www.icripalimosani.edu.it\/wp-content\/uploads\/2019\/01\/IMG-20190130-WA0000-300x169.jpg\" alt=\"\" width=\"300\" height=\"169\" srcset=\"https:\/\/icripalimosani.edu.it\/site\/wp-content\/uploads\/2019\/01\/IMG-20190130-WA0000-300x169.jpg 300w, https:\/\/icripalimosani.edu.it\/site\/wp-content\/uploads\/2019\/01\/IMG-20190130-WA0000-1024x576.jpg 1024w, https:\/\/icripalimosani.edu.it\/site\/wp-content\/uploads\/2019\/01\/IMG-20190130-WA0000-768x432.jpg 768w, https:\/\/icripalimosani.edu.it\/site\/wp-content\/uploads\/2019\/01\/IMG-20190130-WA0000-1536x864.jpg 1536w, https:\/\/icripalimosani.edu.it\/site\/wp-content\/uploads\/2019\/01\/IMG-20190130-WA0000.jpg 1600w\" sizes=\"(max-width: 300px) 100vw, 300px\" \/><\/a><\/p>\n<p style=\"text-align: center;\">&#8230;&#8230;&#8230;&#8230;&#8230;&#8230;&#8230;&#8230;&#8230;&#8230;&#8230;&#8230;&#8230;&#8230;&#8230;&#8230;..<\/p>\n<p>&nbsp;<\/p>\n<p><strong>PETRELLA TIFERNINA<\/strong><\/p>\n<p style=\"text-align: justify;\">Per celebrare la <strong>giornata della memoria<\/strong> ( 27 Gennaio) gli alunni della <strong>scuola primaria di Petrella Tifernina<\/strong> hanno realizzato dei lavori grafici, sull&#8217;onda delle emozioni suscitate dalla visione del cortometraggio &#8220;La stella di Andra e Tati&#8221;, un film d\u2019animazione che racconta la Shoah ai bambini attraverso la toccante storia delle <strong>sorelle Bucci<\/strong>.<\/p>\n<p style=\"text-align: justify;\">Le sorelle avevano rispettivamente <strong>6 e 4 anni<\/strong> quando vennero deportate, insieme a tutta la famiglia, nel campo di sterminio di <strong>Auschwitz . <\/strong>Riuscirono a sopravvivere alle prime selezioni\u00a0 perch\u00e9 il dottor Mengele le scambi\u00f2 per gemelle e decise, dunque, di portarle nel Kinderblock, la baracca dei bambini che venivano destinati agli esperimenti di eugenetica.<\/p>\n<p style=\"text-align: justify;\">Furono liberate con tutti gli altri prigionieri del campo il <strong>27 gennaio 1945<\/strong>. Dopo una permanenza prima a Praga e poi in Inghilterra, sono riuscite a ricongiungersi con i loro genitori. Da adulte, sono diventate importanti testimoni degli orrori dell\u2019Olocausto.<\/p>\n<p style=\"text-align: justify;\">Le loro vicende sono state descritte dai nostri allievi sui vagoni del treno chiamato appunto &#8220;treno della memoria&#8221; e nel fumo della locomotiva\u00a0 \u00e8 stato inciso il monito indelebile &#8220;comprendere \u00e8 impossibile, conoscere \u00e8 necessario&#8221;.<\/p>\n<p style=\"text-align: justify;\">Di seguito si riportano alcune immagini :<\/p>\n<p><a href=\"https:\/\/www.icripalimosani.edu.it\/wp-content\/uploads\/2019\/01\/IMG-20190128-WA0001.jpg\"><img decoding=\"async\" loading=\"lazy\" class=\"size-medium wp-image-63027 alignleft\" src=\"https:\/\/www.icripalimosani.edu.it\/wp-content\/uploads\/2019\/01\/IMG-20190128-WA0001-300x225.jpg\" alt=\"\" width=\"300\" height=\"225\" srcset=\"https:\/\/icripalimosani.edu.it\/site\/wp-content\/uploads\/2019\/01\/IMG-20190128-WA0001-300x225.jpg 300w, https:\/\/icripalimosani.edu.it\/site\/wp-content\/uploads\/2019\/01\/IMG-20190128-WA0001-1024x768.jpg 1024w, https:\/\/icripalimosani.edu.it\/site\/wp-content\/uploads\/2019\/01\/IMG-20190128-WA0001-768x576.jpg 768w, https:\/\/icripalimosani.edu.it\/site\/wp-content\/uploads\/2019\/01\/IMG-20190128-WA0001-1536x1152.jpg 1536w, https:\/\/icripalimosani.edu.it\/site\/wp-content\/uploads\/2019\/01\/IMG-20190128-WA0001.jpg 1600w\" sizes=\"(max-width: 300px) 100vw, 300px\" \/><\/a> <a href=\"https:\/\/www.icripalimosani.edu.it\/wp-content\/uploads\/2019\/01\/IMG-20190128-WA0000.jpg\"><img decoding=\"async\" loading=\"lazy\" class=\"aligncenter size-medium wp-image-63028\" src=\"https:\/\/www.icripalimosani.edu.it\/wp-content\/uploads\/2019\/01\/IMG-20190128-WA0000-300x225.jpg\" alt=\"\" width=\"300\" height=\"225\" srcset=\"https:\/\/icripalimosani.edu.it\/site\/wp-content\/uploads\/2019\/01\/IMG-20190128-WA0000-300x225.jpg 300w, https:\/\/icripalimosani.edu.it\/site\/wp-content\/uploads\/2019\/01\/IMG-20190128-WA0000-1024x768.jpg 1024w, https:\/\/icripalimosani.edu.it\/site\/wp-content\/uploads\/2019\/01\/IMG-20190128-WA0000-768x576.jpg 768w, https:\/\/icripalimosani.edu.it\/site\/wp-content\/uploads\/2019\/01\/IMG-20190128-WA0000-1536x1152.jpg 1536w, https:\/\/icripalimosani.edu.it\/site\/wp-content\/uploads\/2019\/01\/IMG-20190128-WA0000.jpg 1600w\" sizes=\"(max-width: 300px) 100vw, 300px\" \/><\/a> <a href=\"https:\/\/www.icripalimosani.edu.it\/wp-content\/uploads\/2019\/01\/IMG-20190128-WA0003.jpg\"><img decoding=\"async\" loading=\"lazy\" class=\"size-medium wp-image-63029 alignright\" src=\"https:\/\/www.icripalimosani.edu.it\/wp-content\/uploads\/2019\/01\/IMG-20190128-WA0003-300x225.jpg\" alt=\"\" width=\"300\" height=\"225\" srcset=\"https:\/\/icripalimosani.edu.it\/site\/wp-content\/uploads\/2019\/01\/IMG-20190128-WA0003-300x225.jpg 300w, https:\/\/icripalimosani.edu.it\/site\/wp-content\/uploads\/2019\/01\/IMG-20190128-WA0003-1024x768.jpg 1024w, https:\/\/icripalimosani.edu.it\/site\/wp-content\/uploads\/2019\/01\/IMG-20190128-WA0003-768x576.jpg 768w, https:\/\/icripalimosani.edu.it\/site\/wp-content\/uploads\/2019\/01\/IMG-20190128-WA0003-1536x1152.jpg 1536w, https:\/\/icripalimosani.edu.it\/site\/wp-content\/uploads\/2019\/01\/IMG-20190128-WA0003.jpg 1600w\" sizes=\"(max-width: 300px) 100vw, 300px\" \/><\/a> <a href=\"https:\/\/www.icripalimosani.edu.it\/wp-content\/uploads\/2019\/01\/IMG-20190128-WA0002.jpg\"><img decoding=\"async\" loading=\"lazy\" class=\"aligncenter size-medium wp-image-63030\" src=\"https:\/\/www.icripalimosani.edu.it\/wp-content\/uploads\/2019\/01\/IMG-20190128-WA0002-300x225.jpg\" alt=\"\" width=\"300\" height=\"225\" srcset=\"https:\/\/icripalimosani.edu.it\/site\/wp-content\/uploads\/2019\/01\/IMG-20190128-WA0002-300x225.jpg 300w, https:\/\/icripalimosani.edu.it\/site\/wp-content\/uploads\/2019\/01\/IMG-20190128-WA0002-1024x768.jpg 1024w, https:\/\/icripalimosani.edu.it\/site\/wp-content\/uploads\/2019\/01\/IMG-20190128-WA0002-768x576.jpg 768w, https:\/\/icripalimosani.edu.it\/site\/wp-content\/uploads\/2019\/01\/IMG-20190128-WA0002-1536x1152.jpg 1536w, https:\/\/icripalimosani.edu.it\/site\/wp-content\/uploads\/2019\/01\/IMG-20190128-WA0002.jpg 1600w\" sizes=\"(max-width: 300px) 100vw, 300px\" \/><\/a><\/p>\n","protected":false},"excerpt":{"rendered":"<p>ORATINO Per la giornata della memoria, la scuola dell&#8217;infanzia e la scuola primaria hanno svolto un laboratorio creativo, mettendo a frutto le emozioni suscitate dalla visione del film d&#8217;animazione &#8220;La stella di Andra e Tati&#8221;. Di seguito alcune immagini &nbsp; &nbsp; &nbsp; &nbsp; RIPALIMOSANI Sabato 26 gennaio 2019, in occasione del Giorno della Memoria, gli [&hellip;]<\/p>\n","protected":false},"author":1,"featured_media":0,"comment_status":"closed","ping_status":"closed","sticky":false,"template":"","format":"standard","meta":{"footnotes":""},"categories":[1],"tags":[],"_links":{"self":[{"href":"https:\/\/icripalimosani.edu.it\/site\/wp-json\/wp\/v2\/posts\/63026"}],"collection":[{"href":"https:\/\/icripalimosani.edu.it\/site\/wp-json\/wp\/v2\/posts"}],"about":[{"href":"https:\/\/icripalimosani.edu.it\/site\/wp-json\/wp\/v2\/types\/post"}],"author":[{"embeddable":true,"href":"https:\/\/icripalimosani.edu.it\/site\/wp-json\/wp\/v2\/users\/1"}],"replies":[{"embeddable":true,"href":"https:\/\/icripalimosani.edu.it\/site\/wp-json\/wp\/v2\/comments?post=63026"}],"version-history":[{"count":0,"href":"https:\/\/icripalimosani.edu.it\/site\/wp-json\/wp\/v2\/posts\/63026\/revisions"}],"wp:attachment":[{"href":"https:\/\/icripalimosani.edu.it\/site\/wp-json\/wp\/v2\/media?parent=63026"}],"wp:term":[{"taxonomy":"category","embeddable":true,"href":"https:\/\/icripalimosani.edu.it\/site\/wp-json\/wp\/v2\/categories?post=63026"},{"taxonomy":"post_tag","embeddable":true,"href":"https:\/\/icripalimosani.edu.it\/site\/wp-json\/wp\/v2\/tags?post=63026"}],"curies":[{"name":"wp","href":"https:\/\/api.w.org\/{rel}","templated":true}]}}