{"id":64195,"date":"2019-09-19T09:27:57","date_gmt":"2019-09-19T07:27:57","guid":{"rendered":"https:\/\/www.icripalimosani.edu.it\/?p=64195"},"modified":"2019-09-19T09:27:57","modified_gmt":"2019-09-19T07:27:57","slug":"tutti-a-scuola","status":"publish","type":"post","link":"https:\/\/icripalimosani.edu.it\/site\/2019\/09\/19\/tutti-a-scuola\/","title":{"rendered":"TUTTI A SCUOLA"},"content":{"rendered":"<p>Il 16 settembre 2019, una delegazione della Scuola Secondaria di Petrella Tifernina, composta dalla Dirigente Scolastica dello scorso anno, dott.ssa Marina Crema, dalle prof.sse Antonietta Savastano e Adele Lomma e dagli alunni Marzia Amoruso e Aurora Ciaburri, ha rappresentato il nostro Istituto in occasione della manifestazione per l&#8217;inaugurazione del nuovo anno scolastico, tenutosi presso la citt\u00e0 de L&#8217;Aquila. La Scuola Sec. di I grado di Petrella Tifernina \u00e8 stata selezionata per aver presentato il progetto &#8220;Legalit\u00e0 Ambiente&#8221;.<\/p>\n<p>&nbsp;<\/p>\n<p><a href=\"https:\/\/www.icripalimosani.edu.it\/wp-content\/uploads\/2019\/09\/IMG-20190916-WA0016.jpg\"><img decoding=\"async\" loading=\"lazy\" class=\"alignnone size-medium wp-image-64196\" src=\"https:\/\/www.icripalimosani.edu.it\/wp-content\/uploads\/2019\/09\/IMG-20190916-WA0016-300x225.jpg\" alt=\"\" width=\"300\" height=\"225\" \/><\/a> <a href=\"https:\/\/www.icripalimosani.edu.it\/wp-content\/uploads\/2019\/09\/IMG-20190916-WA0017.jpg\"><img decoding=\"async\" loading=\"lazy\" class=\"alignnone size-medium wp-image-64197\" src=\"https:\/\/www.icripalimosani.edu.it\/wp-content\/uploads\/2019\/09\/IMG-20190916-WA0017-300x225.jpg\" alt=\"\" width=\"300\" height=\"225\" \/><\/a> <a href=\"https:\/\/www.icripalimosani.edu.it\/wp-content\/uploads\/2019\/09\/IMG-20190916-WA0019.jpg\"><img decoding=\"async\" loading=\"lazy\" class=\"alignnone size-medium wp-image-64198\" src=\"https:\/\/www.icripalimosani.edu.it\/wp-content\/uploads\/2019\/09\/IMG-20190916-WA0019-300x225.jpg\" alt=\"\" width=\"300\" height=\"225\" \/><\/a> <a href=\"https:\/\/www.icripalimosani.edu.it\/wp-content\/uploads\/2019\/09\/IMG-20190916-WA0026.jpg\"><img decoding=\"async\" loading=\"lazy\" class=\"alignnone size-medium wp-image-64199\" src=\"https:\/\/www.icripalimosani.edu.it\/wp-content\/uploads\/2019\/09\/IMG-20190916-WA0026-225x300.jpg\" alt=\"\" width=\"225\" height=\"300\" \/><\/a> <a href=\"https:\/\/www.icripalimosani.edu.it\/wp-content\/uploads\/2019\/09\/IMG-20190917-WA0001.jpg\"><img decoding=\"async\" loading=\"lazy\" class=\"alignnone size-medium wp-image-64200\" src=\"https:\/\/www.icripalimosani.edu.it\/wp-content\/uploads\/2019\/09\/IMG-20190917-WA0001-300x225.jpg\" alt=\"\" width=\"300\" height=\"225\" \/><\/a> <a href=\"https:\/\/www.icripalimosani.edu.it\/wp-content\/uploads\/2019\/09\/IMG-20190917-WA0002.jpg\"><img decoding=\"async\" loading=\"lazy\" class=\"alignnone size-medium wp-image-64201\" src=\"https:\/\/www.icripalimosani.edu.it\/wp-content\/uploads\/2019\/09\/IMG-20190917-WA0002-300x225.jpg\" alt=\"\" width=\"300\" height=\"225\" \/><\/a> <a href=\"https:\/\/www.icripalimosani.edu.it\/wp-content\/uploads\/2019\/09\/IMG-20190917-WA0004.jpg\"><img decoding=\"async\" loading=\"lazy\" class=\"alignnone size-medium wp-image-64202\" src=\"https:\/\/www.icripalimosani.edu.it\/wp-content\/uploads\/2019\/09\/IMG-20190917-WA0004-300x225.jpg\" alt=\"\" width=\"300\" height=\"225\" \/><\/a> <a href=\"https:\/\/www.icripalimosani.edu.it\/wp-content\/uploads\/2019\/09\/IMG-20190917-WA0007.jpg\"><img decoding=\"async\" loading=\"lazy\" class=\"alignnone size-medium wp-image-64203\" src=\"https:\/\/www.icripalimosani.edu.it\/wp-content\/uploads\/2019\/09\/IMG-20190917-WA0007-225x300.jpg\" alt=\"\" width=\"225\" height=\"300\" \/><\/a> <a href=\"https:\/\/www.icripalimosani.edu.it\/wp-content\/uploads\/2019\/09\/IMG-20190917-WA0008.jpg\"><img decoding=\"async\" loading=\"lazy\" class=\"alignnone size-medium wp-image-64204\" src=\"https:\/\/www.icripalimosani.edu.it\/wp-content\/uploads\/2019\/09\/IMG-20190917-WA0008-225x300.jpg\" alt=\"\" width=\"225\" height=\"300\" \/><\/a><\/p>\n","protected":false},"excerpt":{"rendered":"<p>Il 16 settembre 2019, una delegazione della Scuola Secondaria di Petrella Tifernina, composta dalla Dirigente Scolastica dello scorso anno, dott.ssa Marina Crema, dalle prof.sse Antonietta Savastano e Adele Lomma e dagli alunni Marzia Amoruso e Aurora Ciaburri, ha rappresentato il nostro Istituto in occasione della manifestazione per l&#8217;inaugurazione del nuovo anno scolastico, tenutosi presso la [&hellip;]<\/p>\n","protected":false},"author":1,"featured_media":0,"comment_status":"closed","ping_status":"closed","sticky":false,"template":"","format":"standard","meta":{"footnotes":""},"categories":[29],"tags":[],"_links":{"self":[{"href":"https:\/\/icripalimosani.edu.it\/site\/wp-json\/wp\/v2\/posts\/64195"}],"collection":[{"href":"https:\/\/icripalimosani.edu.it\/site\/wp-json\/wp\/v2\/posts"}],"about":[{"href":"https:\/\/icripalimosani.edu.it\/site\/wp-json\/wp\/v2\/types\/post"}],"author":[{"embeddable":true,"href":"https:\/\/icripalimosani.edu.it\/site\/wp-json\/wp\/v2\/users\/1"}],"replies":[{"embeddable":true,"href":"https:\/\/icripalimosani.edu.it\/site\/wp-json\/wp\/v2\/comments?post=64195"}],"version-history":[{"count":0,"href":"https:\/\/icripalimosani.edu.it\/site\/wp-json\/wp\/v2\/posts\/64195\/revisions"}],"wp:attachment":[{"href":"https:\/\/icripalimosani.edu.it\/site\/wp-json\/wp\/v2\/media?parent=64195"}],"wp:term":[{"taxonomy":"category","embeddable":true,"href":"https:\/\/icripalimosani.edu.it\/site\/wp-json\/wp\/v2\/categories?post=64195"},{"taxonomy":"post_tag","embeddable":true,"href":"https:\/\/icripalimosani.edu.it\/site\/wp-json\/wp\/v2\/tags?post=64195"}],"curies":[{"name":"wp","href":"https:\/\/api.w.org\/{rel}","templated":true}]}}