{"id":67665,"date":"2021-06-26T08:45:27","date_gmt":"2021-06-26T08:45:27","guid":{"rendered":"https:\/\/icripalimosani.edu.it\/site\/?p=67665"},"modified":"2021-06-26T08:45:27","modified_gmt":"2021-06-26T08:45:27","slug":"progetto-le-parole-verdi-scuola-dellinfanzia-di-montagano","status":"publish","type":"post","link":"https:\/\/icripalimosani.edu.it\/site\/2021\/06\/26\/progetto-le-parole-verdi-scuola-dellinfanzia-di-montagano\/","title":{"rendered":"PROGETTO: &#8220;LE PAROLE VERDI&#8221; SCUOLA DELL&#8217;INFANZIA DI MONTAGANO"},"content":{"rendered":"<p>\ud83c\udf08Nella scuola dell&#8217;infanzia di Montagano volge al termine il progetto curricolare: &#8220;Le parole verdi&#8221; per la costruzione di una cittadinanza attiva e consapevole, in linea con gli obiettivi dell&#8217;Agenda 2030. Consapevoli che la scuola pu\u00f2 e deve fare sempre di pi\u00f9 per dotare i giovani cittadini di strumenti per agire nella societ\u00e0 del futuro in modo da migliorarne gli assetti, essa si orienta al benessere, all&#8217;inclusione, alla realizzazione di comunit\u00e0 sostenibili e &#8220;giuste&#8221;.\ud83c\udf08<br \/>\nBravi bambini!<\/p>\n<ul>\n<li><img decoding=\"async\" loading=\"lazy\" class=\"alignnone size-medium wp-image-67668\" src=\"https:\/\/icripalimosani.edu.it\/site\/wp-content\/uploads\/2021\/06\/IMG-20210626-WA0003-225x300.jpg\" alt=\"\" width=\"225\" height=\"300\" srcset=\"https:\/\/icripalimosani.edu.it\/site\/wp-content\/uploads\/2021\/06\/IMG-20210626-WA0003-225x300.jpg 225w, https:\/\/icripalimosani.edu.it\/site\/wp-content\/uploads\/2021\/06\/IMG-20210626-WA0003-768x1024.jpg 768w, https:\/\/icripalimosani.edu.it\/site\/wp-content\/uploads\/2021\/06\/IMG-20210626-WA0003-1152x1536.jpg 1152w, https:\/\/icripalimosani.edu.it\/site\/wp-content\/uploads\/2021\/06\/IMG-20210626-WA0003.jpg 1200w\" sizes=\"(max-width: 225px) 100vw, 225px\" \/><\/li>\n<li><\/li>\n<li><img decoding=\"async\" loading=\"lazy\" class=\"alignnone size-medium wp-image-67669\" src=\"https:\/\/icripalimosani.edu.it\/site\/wp-content\/uploads\/2021\/06\/IMG-20210626-WA0005-225x300.jpg\" alt=\"\" width=\"225\" height=\"300\" srcset=\"https:\/\/icripalimosani.edu.it\/site\/wp-content\/uploads\/2021\/06\/IMG-20210626-WA0005-225x300.jpg 225w, https:\/\/icripalimosani.edu.it\/site\/wp-content\/uploads\/2021\/06\/IMG-20210626-WA0005-768x1024.jpg 768w, https:\/\/icripalimosani.edu.it\/site\/wp-content\/uploads\/2021\/06\/IMG-20210626-WA0005-1152x1536.jpg 1152w, https:\/\/icripalimosani.edu.it\/site\/wp-content\/uploads\/2021\/06\/IMG-20210626-WA0005.jpg 1200w\" sizes=\"(max-width: 225px) 100vw, 225px\" \/><\/li>\n<\/ul>\n","protected":false},"excerpt":{"rendered":"<p>\ud83c\udf08Nella scuola dell&#8217;infanzia di Montagano volge al termine il progetto curricolare: &#8220;Le parole verdi&#8221; per la costruzione di una cittadinanza attiva e consapevole, in linea con gli obiettivi dell&#8217;Agenda 2030. Consapevoli che la scuola pu\u00f2 e deve fare sempre di pi\u00f9 per dotare i giovani cittadini di strumenti per agire nella societ\u00e0 del futuro in [&hellip;]<\/p>\n","protected":false},"author":8,"featured_media":67666,"comment_status":"closed","ping_status":"closed","sticky":false,"template":"","format":"standard","meta":{"footnotes":""},"categories":[70],"tags":[],"_links":{"self":[{"href":"https:\/\/icripalimosani.edu.it\/site\/wp-json\/wp\/v2\/posts\/67665"}],"collection":[{"href":"https:\/\/icripalimosani.edu.it\/site\/wp-json\/wp\/v2\/posts"}],"about":[{"href":"https:\/\/icripalimosani.edu.it\/site\/wp-json\/wp\/v2\/types\/post"}],"author":[{"embeddable":true,"href":"https:\/\/icripalimosani.edu.it\/site\/wp-json\/wp\/v2\/users\/8"}],"replies":[{"embeddable":true,"href":"https:\/\/icripalimosani.edu.it\/site\/wp-json\/wp\/v2\/comments?post=67665"}],"version-history":[{"count":1,"href":"https:\/\/icripalimosani.edu.it\/site\/wp-json\/wp\/v2\/posts\/67665\/revisions"}],"predecessor-version":[{"id":67670,"href":"https:\/\/icripalimosani.edu.it\/site\/wp-json\/wp\/v2\/posts\/67665\/revisions\/67670"}],"wp:featuredmedia":[{"embeddable":true,"href":"https:\/\/icripalimosani.edu.it\/site\/wp-json\/wp\/v2\/media\/67666"}],"wp:attachment":[{"href":"https:\/\/icripalimosani.edu.it\/site\/wp-json\/wp\/v2\/media?parent=67665"}],"wp:term":[{"taxonomy":"category","embeddable":true,"href":"https:\/\/icripalimosani.edu.it\/site\/wp-json\/wp\/v2\/categories?post=67665"},{"taxonomy":"post_tag","embeddable":true,"href":"https:\/\/icripalimosani.edu.it\/site\/wp-json\/wp\/v2\/tags?post=67665"}],"curies":[{"name":"wp","href":"https:\/\/api.w.org\/{rel}","templated":true}]}}