{"id":71143,"date":"2022-11-13T09:32:06","date_gmt":"2022-11-13T09:32:06","guid":{"rendered":"https:\/\/icripalimosani.edu.it\/site\/?p=71143"},"modified":"2022-11-13T12:28:33","modified_gmt":"2022-11-13T12:28:33","slug":"attiviamoci-in-consiglio-consiglieri-regionali-per-un-giorno-2","status":"publish","type":"post","link":"https:\/\/icripalimosani.edu.it\/site\/2022\/11\/13\/attiviamoci-in-consiglio-consiglieri-regionali-per-un-giorno-2\/","title":{"rendered":"10 novembre &#8220;Attiviamoci in consiglio&#8221;: consiglieri regionali per un giorno"},"content":{"rendered":"<p>Le classi V della scuola primaria e III della scuola secondaria di primo grado di Petrella Tifernina insieme alle classi V della scuola primaria e I, II, III della scuola secondaria di primo grado di Limosano hanno aderito al progetto &#8216;Attiviamoci in Consiglio&#8217;.<br \/>\nIl 10 novembre 2022 gli alunni hanno partecipato ad una seduta del Consiglio regionale a loro dedicata, presso la sede istituzionale in via IV Novembre a Campobasso. Il testo di legge da loro proposto, avente come titolo &#8220;Percorsi educativi per le scuole finalizzati alla conoscenza e valorizzazione del patrimonio culturale molisano&#8221; prevede la promozione della conoscenza nonch\u00e8<br \/>\nla valorizzazione del patrimonio artistico\/culturale del territorio regionale. In aula, dopo aver conosciuto il Presidente, Salvatore Micone, i piccoli relatori hanno simulato una seduta dell&#8217;Assemblea legislativa, citando con entusiasmo e sicurezza l&#8217;articolo 9 della Costituzione, l&#8217;obiettivo 11 dell&#8217;Agenda 2030 e il Piano Nazionale per l&#8217;educazione al patrimonio culturale. Come dei veri consiglieri hanno attivamente letto gli 11 articoli, da cui era composta la loro proposta.<\/p>\n<p>Divisi in gruppo di maggioranza e minoranza hanno votato per l&#8217;approvazione e la proposta \u00e8 stata accettata all&#8217;unanimit\u00e0.<br \/>\nPer i nostri alunni \u00e8 stata un&#8217;esperienza formativa, di grande curiosit\u00e0 e sensibilizzazione all&#8217;esercizio della cittadinanza attiva e consapevole, nonch\u00e8 alla conoscenza dei compiti, delle funzioni e dell&#8217;assetto organizzativo interno all&#8217; assemblea regionale.<\/p>\n<div style=\"width: 640px;\" class=\"wp-video\"><!--[if lt IE 9]><script>document.createElement('video');<\/script><![endif]-->\n<video class=\"wp-video-shortcode\" id=\"video-71143-1\" width=\"640\" height=\"352\" preload=\"metadata\" controls=\"controls\"><source type=\"video\/mp4\" src=\"https:\/\/icripalimosani.edu.it\/site\/wp-content\/uploads\/2022\/11\/VID-20221112-WA0004.mp4?_=1\" \/><a href=\"https:\/\/icripalimosani.edu.it\/site\/wp-content\/uploads\/2022\/11\/VID-20221112-WA0004.mp4\">https:\/\/icripalimosani.edu.it\/site\/wp-content\/uploads\/2022\/11\/VID-20221112-WA0004.mp4<\/a><\/video><\/div>\n<div id='gallery-1' class='gallery galleryid-71143 gallery-columns-3 gallery-size-thumbnail'><figure class='gallery-item'>\n\t\t\t<div class='gallery-icon portrait'>\n\t\t\t\t<a href='https:\/\/icripalimosani.edu.it\/site\/wp-content\/uploads\/2022\/11\/IMG-20221112-WA0014.jpg'><img width=\"150\" height=\"150\" src=\"https:\/\/icripalimosani.edu.it\/site\/wp-content\/uploads\/2022\/11\/IMG-20221112-WA0014-150x150.jpg\" class=\"attachment-thumbnail size-thumbnail\" alt=\"\" decoding=\"async\" loading=\"lazy\" \/><\/a>\n\t\t\t<\/div><\/figure><figure class='gallery-item'>\n\t\t\t<div class='gallery-icon portrait'>\n\t\t\t\t<a href='https:\/\/icripalimosani.edu.it\/site\/wp-content\/uploads\/2022\/11\/IMG-20221112-WA0009.jpg'><img width=\"150\" height=\"150\" src=\"https:\/\/icripalimosani.edu.it\/site\/wp-content\/uploads\/2022\/11\/IMG-20221112-WA0009-150x150.jpg\" class=\"attachment-thumbnail size-thumbnail\" alt=\"\" decoding=\"async\" loading=\"lazy\" \/><\/a>\n\t\t\t<\/div><\/figure><figure class='gallery-item'>\n\t\t\t<div class='gallery-icon landscape'>\n\t\t\t\t<a href='https:\/\/icripalimosani.edu.it\/site\/wp-content\/uploads\/2022\/11\/IMG-20221112-WA0007.jpg'><img width=\"150\" height=\"150\" src=\"https:\/\/icripalimosani.edu.it\/site\/wp-content\/uploads\/2022\/11\/IMG-20221112-WA0007-150x150.jpg\" class=\"attachment-thumbnail size-thumbnail\" alt=\"\" decoding=\"async\" loading=\"lazy\" \/><\/a>\n\t\t\t<\/div><\/figure><figure class='gallery-item'>\n\t\t\t<div class='gallery-icon landscape'>\n\t\t\t\t<a href='https:\/\/icripalimosani.edu.it\/site\/wp-content\/uploads\/2022\/11\/IMG-20221112-WA0006.jpg'><img width=\"150\" height=\"150\" src=\"https:\/\/icripalimosani.edu.it\/site\/wp-content\/uploads\/2022\/11\/IMG-20221112-WA0006-150x150.jpg\" class=\"attachment-thumbnail size-thumbnail\" alt=\"\" decoding=\"async\" loading=\"lazy\" \/><\/a>\n\t\t\t<\/div><\/figure><figure class='gallery-item'>\n\t\t\t<div class='gallery-icon portrait'>\n\t\t\t\t<a href='https:\/\/icripalimosani.edu.it\/site\/wp-content\/uploads\/2022\/11\/IMG-20221112-WA0005.jpg'><img width=\"150\" height=\"150\" src=\"https:\/\/icripalimosani.edu.it\/site\/wp-content\/uploads\/2022\/11\/IMG-20221112-WA0005-150x150.jpg\" class=\"attachment-thumbnail size-thumbnail\" alt=\"\" decoding=\"async\" loading=\"lazy\" \/><\/a>\n\t\t\t<\/div><\/figure><figure class='gallery-item'>\n\t\t\t<div class='gallery-icon portrait'>\n\t\t\t\t<a href='https:\/\/icripalimosani.edu.it\/site\/wp-content\/uploads\/2022\/11\/IMG-20221112-WA0003.jpg'><img width=\"150\" height=\"150\" src=\"https:\/\/icripalimosani.edu.it\/site\/wp-content\/uploads\/2022\/11\/IMG-20221112-WA0003-150x150.jpg\" class=\"attachment-thumbnail size-thumbnail\" alt=\"\" decoding=\"async\" loading=\"lazy\" \/><\/a>\n\t\t\t<\/div><\/figure>\n\t\t<\/div>\n\n","protected":false},"excerpt":{"rendered":"<p>Le classi V della scuola primaria e III della scuola secondaria di primo grado di Petrella Tifernina insieme alle classi V della scuola primaria e I, II, III della scuola secondaria di primo grado di Limosano hanno aderito al progetto &#8216;Attiviamoci in Consiglio&#8217;. Il 10 novembre 2022 gli alunni hanno partecipato ad una seduta del [&hellip;]<\/p>\n","protected":false},"author":8,"featured_media":71145,"comment_status":"closed","ping_status":"closed","sticky":false,"template":"","format":"standard","meta":{"footnotes":""},"categories":[71,72,1],"tags":[],"_links":{"self":[{"href":"https:\/\/icripalimosani.edu.it\/site\/wp-json\/wp\/v2\/posts\/71143"}],"collection":[{"href":"https:\/\/icripalimosani.edu.it\/site\/wp-json\/wp\/v2\/posts"}],"about":[{"href":"https:\/\/icripalimosani.edu.it\/site\/wp-json\/wp\/v2\/types\/post"}],"author":[{"embeddable":true,"href":"https:\/\/icripalimosani.edu.it\/site\/wp-json\/wp\/v2\/users\/8"}],"replies":[{"embeddable":true,"href":"https:\/\/icripalimosani.edu.it\/site\/wp-json\/wp\/v2\/comments?post=71143"}],"version-history":[{"count":2,"href":"https:\/\/icripalimosani.edu.it\/site\/wp-json\/wp\/v2\/posts\/71143\/revisions"}],"predecessor-version":[{"id":71155,"href":"https:\/\/icripalimosani.edu.it\/site\/wp-json\/wp\/v2\/posts\/71143\/revisions\/71155"}],"wp:featuredmedia":[{"embeddable":true,"href":"https:\/\/icripalimosani.edu.it\/site\/wp-json\/wp\/v2\/media\/71145"}],"wp:attachment":[{"href":"https:\/\/icripalimosani.edu.it\/site\/wp-json\/wp\/v2\/media?parent=71143"}],"wp:term":[{"taxonomy":"category","embeddable":true,"href":"https:\/\/icripalimosani.edu.it\/site\/wp-json\/wp\/v2\/categories?post=71143"},{"taxonomy":"post_tag","embeddable":true,"href":"https:\/\/icripalimosani.edu.it\/site\/wp-json\/wp\/v2\/tags?post=71143"}],"curies":[{"name":"wp","href":"https:\/\/api.w.org\/{rel}","templated":true}]}}