{"id":7117,"date":"2017-03-18T08:02:37","date_gmt":"2017-03-18T07:02:37","guid":{"rendered":"https:\/\/www.icripalimosani.edu.it\/?p=7117"},"modified":"2017-03-18T08:02:37","modified_gmt":"2017-03-18T07:02:37","slug":"giornata-della-memoria-di-tutte-le-vittime-delle-mafie","status":"publish","type":"post","link":"https:\/\/icripalimosani.edu.it\/site\/2017\/03\/18\/giornata-della-memoria-di-tutte-le-vittime-delle-mafie\/","title":{"rendered":"Giornata della memoria di tutte le vittime delle mafie"},"content":{"rendered":"<p align=\"justify\">Vedi allegati sotto<\/p>\n<p align=\"justify\"><span style=\"font-family: Times New Roman,serif;\"><b>OGGETTO: 21 marzo 2017: XXII Giornata della Memoria e dell&#8217;Impegno in ricordo delle vittime innocenti di tutte le mafie. <\/b><\/span><\/p>\n<p align=\"justify\"><span style=\"font-family: Times New Roman,serif;\"><br \/>\n<\/span><span style=\"font-family: Times New Roman,serif;\"><span style=\"font-size: medium;\"> Il 21 Marzo 2017, \u00e8 la <\/span><\/span><span style=\"font-family: Times New Roman,serif;\"><span style=\"font-size: medium;\"><b>XXII Giornata della Memoria e dell&#8217;Impegno<\/b><\/span><\/span><span style=\"font-family: Times New Roman,serif;\"><span style=\"font-size: medium;\"> in ricordo di tutte le vittime innocenti delle mafie, promossa da Libera in collaborazione con il Miur &#8211; Ministero dell&#8217;Istruzione, dell&#8217;Universit\u00e0 e della Ricerca, che si allega. <\/span><\/span><\/p>\n<p align=\"justify\"><span style=\"font-family: Times New Roman,serif;\"><span style=\"font-size: medium;\"><b> Il tema di quest\u2019anno \u00e8 &#8220;Luoghi di Speranza e Testimoni di bellezza&#8221;, <\/b><\/span><\/span><span style=\"font-family: Times New Roman,serif;\"><span style=\"font-size: medium;\">volendo richiamare l\u2019importanza di saldare la cura dell\u2019ambiente e dei territori con l\u2019impegno per la dignit\u00e0 e la libert\u00e0 delle persone ed esercitando, nel contempo, le nostre responsabilit\u00e0 di persone, di cittadini, di abitanti della Terra<\/span><\/span><span style=\"font-family: Times New Roman,serif;\"><span style=\"font-size: medium;\"><b>.<\/b><\/span><\/span><\/p>\n<p align=\"justify\"><span style=\"font-family: Times New Roman,serif;\"><span style=\"font-size: medium;\"> La manifestazione principale si svolger\u00e0 a Locri in Calabria, con un corteo al mattino e seminari di approfondimento al pomeriggio e, simultaneamente, <\/span><\/span><span style=\"font-family: Times New Roman,serif;\"><span style=\"font-size: medium;\"><b>in oltre 4000 luoghi d\u2019Italia<\/b><\/span><\/span><span style=\"color: #111111;\"><span style=\"font-family: Times New Roman,serif;\"><span style=\"font-size: medium;\">\u2013 scuole, associazioni, universit\u00e0, fabbriche, parrocchie \u2013 verranno letti i nomi delle vittime innocenti delle mafie.<\/span><\/span><\/span><\/p>\n<p align=\"justify\"><span style=\"font-family: Liberation Serif,serif;\"><span style=\"font-size: medium;\"><span style=\"font-family: Times New Roman,serif;\"> Fatta questa premessa, LIBERA Molise, chiede alle SS. VV. e rispettivi Collegi Docenti, cos\u00ec come da nota del Direttore dell\u2019Ufficio Scolastico Regionale, d.ssa Sabatini, affinch\u00e8 ogni Istituto \u201c<\/span><span style=\"font-family: Times New Roman,serif;\"><b>possa es<\/b><\/span><strong><span style=\"color: #111111;\"><span style=\"font-family: Times New Roman,serif;\">sere uno dei quattromila luoghi del 21 marzo, <\/span><\/span><\/strong><span style=\"color: #111111;\"><span style=\"font-family: Times New Roman,serif;\">esponendo il materiale comunicativo, fermandosi insieme al resto d\u2019Italia per ricordare le oltre 900 vittime innocenti delle mafie con la lettura dei loro nomi e farsi <\/span><\/span><span style=\"font-family: Times New Roman,serif;\">portavoce di una richiesta di verit\u00e0 e giustizia. C<\/span><span style=\"font-family: Times New Roman,serif;\">i\u00f2 a<\/span><span style=\"color: #111111;\"><span style=\"font-family: Times New Roman,serif;\"> sottolineare \u2013 non solo simbolicamente \u2013 che per contrastare le mafie e la corruzione occorre s\u00ec il grande impegno delle forze di polizia e di molti magistrati, ma prima ancora occorre diventare una comunit\u00e0 solidale e corresponsabile, <\/span><\/span><strong><span style=\"color: #111111;\"><span style=\"font-family: Times New Roman,serif;\">che faccia del \u201cnoi\u201d non solo una parola, ma un crocevia di bisogni, desideri e speranze.<\/span><\/span><\/strong><\/span><\/span><\/p>\n<p align=\"justify\"><span style=\"font-family: Liberation Serif,serif;\"><span style=\"font-size: medium;\"> <strong><span style=\"color: #111111;\"><span style=\"font-family: Times New Roman,serif;\">\u201cAdotta una storia\u201d, in allegato, \u00e8 la proposta per le scuole che rappresenter\u00e0 il percorso di avvicinamento al 21 marzo, giorno in cui nelle classi e in ogni luogo, in coincidenza con la manifestazione di Locri, saranno letti i nomi delle vittime di mafia.<\/span><\/span><\/strong><\/span><\/span><\/p>\n<p align=\"justify\"><span style=\"font-family: Times New Roman,serif;\"> RingraziandoVi per l\u2019attenzione che vorrete dedicarci, attendiamo fiduciosi un cortese cenno di riscontro e adesione. <\/span><\/p>\n<p align=\"justify\"><a name=\"_GoBack\"><\/a><\/p>\n<p align=\"justify\"><span style=\"font-family: Times New Roman,serif;\"> f.to <\/span><span style=\"font-family: Times New Roman,serif;\"><i>Prof. Franco Novelli<\/i><\/span><\/p>\n<p align=\"justify\"><span style=\"font-family: Times New Roman,serif;\"> Referente regionale di LIBERA Molise<\/span><\/p>\n<p align=\"justify\"><a href=\"https:\/\/www.icripalimosani.edu.it\/wp-content\/uploads\/2017\/03\/21-marzo-2017-linee-guida-per-le-scuole-def.pdf\">21 marzo 2017 linee guida per le scuole def<\/a><\/p>\n<p align=\"justify\"><a href=\"https:\/\/www.icripalimosani.edu.it\/wp-content\/uploads\/2017\/03\/ELENCO_21_MARZO_2017.pdf\">ELENCO_21_MARZO_2017<\/a><\/p>\n<p align=\"justify\"><a href=\"https:\/\/www.icripalimosani.edu.it\/wp-content\/uploads\/2017\/03\/Elio-Di-Mella-vittima-molisana.doc\">Elio Di Mella, vittima molisana<\/a><\/p>\n","protected":false},"excerpt":{"rendered":"<p>Vedi allegati sotto OGGETTO: 21 marzo 2017: XXII Giornata della Memoria e dell&#8217;Impegno in ricordo delle vittime innocenti di tutte le mafie. Il 21 Marzo 2017, \u00e8 la XXII Giornata della Memoria e dell&#8217;Impegno in ricordo di tutte le vittime innocenti delle mafie, promossa da Libera in collaborazione con il Miur &#8211; Ministero dell&#8217;Istruzione, dell&#8217;Universit\u00e0 [&hellip;]<\/p>\n","protected":false},"author":1,"featured_media":0,"comment_status":"closed","ping_status":"closed","sticky":false,"template":"","format":"standard","meta":{"footnotes":""},"categories":[1],"tags":[],"_links":{"self":[{"href":"https:\/\/icripalimosani.edu.it\/site\/wp-json\/wp\/v2\/posts\/7117"}],"collection":[{"href":"https:\/\/icripalimosani.edu.it\/site\/wp-json\/wp\/v2\/posts"}],"about":[{"href":"https:\/\/icripalimosani.edu.it\/site\/wp-json\/wp\/v2\/types\/post"}],"author":[{"embeddable":true,"href":"https:\/\/icripalimosani.edu.it\/site\/wp-json\/wp\/v2\/users\/1"}],"replies":[{"embeddable":true,"href":"https:\/\/icripalimosani.edu.it\/site\/wp-json\/wp\/v2\/comments?post=7117"}],"version-history":[{"count":0,"href":"https:\/\/icripalimosani.edu.it\/site\/wp-json\/wp\/v2\/posts\/7117\/revisions"}],"wp:attachment":[{"href":"https:\/\/icripalimosani.edu.it\/site\/wp-json\/wp\/v2\/media?parent=7117"}],"wp:term":[{"taxonomy":"category","embeddable":true,"href":"https:\/\/icripalimosani.edu.it\/site\/wp-json\/wp\/v2\/categories?post=7117"},{"taxonomy":"post_tag","embeddable":true,"href":"https:\/\/icripalimosani.edu.it\/site\/wp-json\/wp\/v2\/tags?post=7117"}],"curies":[{"name":"wp","href":"https:\/\/api.w.org\/{rel}","templated":true}]}}