{"id":71470,"date":"2022-12-18T16:38:21","date_gmt":"2022-12-18T16:38:21","guid":{"rendered":"https:\/\/icripalimosani.edu.it\/site\/?p=71470"},"modified":"2022-12-18T16:38:21","modified_gmt":"2022-12-18T16:38:21","slug":"la-giornata-della-disabilita","status":"publish","type":"post","link":"https:\/\/icripalimosani.edu.it\/site\/2022\/12\/18\/la-giornata-della-disabilita\/","title":{"rendered":"La giornata della disabilit\u00e0"},"content":{"rendered":"<p>In occasione della giornata della disabilita che ricorre ogni anno il 3 Dicembre, gli alunni della classe quinta del plesso di Matrice hanno realizzato un cartellone come momento conclusivo di approfondimenti in classe su tale tematica, \u00e8 stato molto importante x loro comprendere che la disabilita nn \u00e8 una coraggiosa lotta o il &#8220;coraggio di affrontare le avversit\u00e0 &#8220;ma la disabilita \u00e8 un&#8217;arte, un modo ingegnoso di vivere.<\/p>\n<div id='gallery-1' class='gallery galleryid-71470 gallery-columns-3 gallery-size-thumbnail'><figure class='gallery-item'>\n\t\t\t<div class='gallery-icon portrait'>\n\t\t\t\t<a href='https:\/\/icripalimosani.edu.it\/site\/wp-content\/uploads\/2022\/12\/IMG-20221216-WA0014.jpg'><img width=\"150\" height=\"150\" src=\"https:\/\/icripalimosani.edu.it\/site\/wp-content\/uploads\/2022\/12\/IMG-20221216-WA0014-150x150.jpg\" class=\"attachment-thumbnail size-thumbnail\" alt=\"\" decoding=\"async\" loading=\"lazy\" \/><\/a>\n\t\t\t<\/div><\/figure><figure class='gallery-item'>\n\t\t\t<div class='gallery-icon portrait'>\n\t\t\t\t<a href='https:\/\/icripalimosani.edu.it\/site\/wp-content\/uploads\/2022\/12\/IMG-20221216-WA0016.jpg'><img width=\"150\" height=\"150\" src=\"https:\/\/icripalimosani.edu.it\/site\/wp-content\/uploads\/2022\/12\/IMG-20221216-WA0016-150x150.jpg\" class=\"attachment-thumbnail size-thumbnail\" alt=\"\" decoding=\"async\" loading=\"lazy\" \/><\/a>\n\t\t\t<\/div><\/figure><figure class='gallery-item'>\n\t\t\t<div class='gallery-icon portrait'>\n\t\t\t\t<a href='https:\/\/icripalimosani.edu.it\/site\/wp-content\/uploads\/2022\/12\/IMG-20221216-WA0017.jpg'><img width=\"150\" height=\"150\" src=\"https:\/\/icripalimosani.edu.it\/site\/wp-content\/uploads\/2022\/12\/IMG-20221216-WA0017-150x150.jpg\" class=\"attachment-thumbnail size-thumbnail\" alt=\"\" decoding=\"async\" loading=\"lazy\" \/><\/a>\n\t\t\t<\/div><\/figure>\n\t\t<\/div>\n\n","protected":false},"excerpt":{"rendered":"<p>In occasione della giornata della disabilita che ricorre ogni anno il 3 Dicembre, gli alunni della classe quinta del plesso di Matrice hanno realizzato un cartellone come momento conclusivo di approfondimenti in classe su tale tematica, \u00e8 stato molto importante x loro comprendere che la disabilita nn \u00e8 una coraggiosa lotta o il &#8220;coraggio di [&hellip;]<\/p>\n","protected":false},"author":8,"featured_media":71475,"comment_status":"closed","ping_status":"closed","sticky":false,"template":"","format":"standard","meta":{"footnotes":""},"categories":[71],"tags":[],"_links":{"self":[{"href":"https:\/\/icripalimosani.edu.it\/site\/wp-json\/wp\/v2\/posts\/71470"}],"collection":[{"href":"https:\/\/icripalimosani.edu.it\/site\/wp-json\/wp\/v2\/posts"}],"about":[{"href":"https:\/\/icripalimosani.edu.it\/site\/wp-json\/wp\/v2\/types\/post"}],"author":[{"embeddable":true,"href":"https:\/\/icripalimosani.edu.it\/site\/wp-json\/wp\/v2\/users\/8"}],"replies":[{"embeddable":true,"href":"https:\/\/icripalimosani.edu.it\/site\/wp-json\/wp\/v2\/comments?post=71470"}],"version-history":[{"count":1,"href":"https:\/\/icripalimosani.edu.it\/site\/wp-json\/wp\/v2\/posts\/71470\/revisions"}],"predecessor-version":[{"id":71476,"href":"https:\/\/icripalimosani.edu.it\/site\/wp-json\/wp\/v2\/posts\/71470\/revisions\/71476"}],"wp:featuredmedia":[{"embeddable":true,"href":"https:\/\/icripalimosani.edu.it\/site\/wp-json\/wp\/v2\/media\/71475"}],"wp:attachment":[{"href":"https:\/\/icripalimosani.edu.it\/site\/wp-json\/wp\/v2\/media?parent=71470"}],"wp:term":[{"taxonomy":"category","embeddable":true,"href":"https:\/\/icripalimosani.edu.it\/site\/wp-json\/wp\/v2\/categories?post=71470"},{"taxonomy":"post_tag","embeddable":true,"href":"https:\/\/icripalimosani.edu.it\/site\/wp-json\/wp\/v2\/tags?post=71470"}],"curies":[{"name":"wp","href":"https:\/\/api.w.org\/{rel}","templated":true}]}}