{"id":7773,"date":"2017-05-26T07:06:28","date_gmt":"2017-05-26T05:06:28","guid":{"rendered":"https:\/\/www.icripalimosani.edu.it\/?p=7773"},"modified":"2017-05-26T07:06:28","modified_gmt":"2017-05-26T05:06:28","slug":"canto-corale-della-secondaria-di-petrella","status":"publish","type":"post","link":"https:\/\/icripalimosani.edu.it\/site\/2017\/05\/26\/canto-corale-della-secondaria-di-petrella\/","title":{"rendered":"Canto corale della Secondaria di Petrella"},"content":{"rendered":"<p>Il 24 maggio a Petrella si \u00e8 tenuta la manifestazione di canto corale della scuola secondaria di I grado di Petrella Tifernina. Il coro degli alunni, guidato dalla prof.ssa Fasolino, si \u00e8 esibito in un repertorio di canti attuali e classici, dimostrando intonazione, senso musicale e spirito di condivisione.<\/p>\n<p>L&#8217;evento \u00e8 stato molto apprezzato dalla comunit\u00e0 e dalle autorit\u00e0 locali presenti.<\/p>\n<p>Alcune immagini<\/p>\n<p><a href=\"https:\/\/www.icripalimosani.edu.it\/wp-content\/uploads\/2017\/05\/coro2.jpg\"><img decoding=\"async\" loading=\"lazy\" class=\"size-medium wp-image-7778 alignleft\" src=\"https:\/\/www.icripalimosani.edu.it\/wp-content\/uploads\/2017\/05\/coro2-225x300.jpg\" alt=\"\" width=\"225\" height=\"300\" srcset=\"https:\/\/icripalimosani.edu.it\/site\/wp-content\/uploads\/2017\/05\/coro2-225x300.jpg 225w, https:\/\/icripalimosani.edu.it\/site\/wp-content\/uploads\/2017\/05\/coro2-768x1024.jpg 768w, https:\/\/icripalimosani.edu.it\/site\/wp-content\/uploads\/2017\/05\/coro2.jpg 780w\" sizes=\"(max-width: 225px) 100vw, 225px\" \/><\/a> <a href=\"https:\/\/www.icripalimosani.edu.it\/wp-content\/uploads\/2017\/05\/coro-petrella.jpg\"><img decoding=\"async\" loading=\"lazy\" class=\"size-medium wp-image-7779 alignleft\" src=\"https:\/\/www.icripalimosani.edu.it\/wp-content\/uploads\/2017\/05\/coro-petrella-225x300.jpg\" alt=\"\" width=\"225\" height=\"300\" srcset=\"https:\/\/icripalimosani.edu.it\/site\/wp-content\/uploads\/2017\/05\/coro-petrella-225x300.jpg 225w, https:\/\/icripalimosani.edu.it\/site\/wp-content\/uploads\/2017\/05\/coro-petrella-768x1024.jpg 768w, https:\/\/icripalimosani.edu.it\/site\/wp-content\/uploads\/2017\/05\/coro-petrella.jpg 780w\" sizes=\"(max-width: 225px) 100vw, 225px\" \/><\/a><\/p>\n<p><a href=\"https:\/\/www.icripalimosani.edu.it\/wp-content\/uploads\/2017\/05\/coro3.jpg\"><img decoding=\"async\" loading=\"lazy\" class=\"wp-image-7777 alignleft\" src=\"https:\/\/www.icripalimosani.edu.it\/wp-content\/uploads\/2017\/05\/coro3-225x300.jpg\" alt=\"\" width=\"265\" height=\"354\" srcset=\"https:\/\/icripalimosani.edu.it\/site\/wp-content\/uploads\/2017\/05\/coro3-225x300.jpg 225w, https:\/\/icripalimosani.edu.it\/site\/wp-content\/uploads\/2017\/05\/coro3-768x1024.jpg 768w, https:\/\/icripalimosani.edu.it\/site\/wp-content\/uploads\/2017\/05\/coro3.jpg 780w\" sizes=\"(max-width: 265px) 100vw, 265px\" \/><\/a><\/p>\n<p>&nbsp;<\/p>\n","protected":false},"excerpt":{"rendered":"<p>Il 24 maggio a Petrella si \u00e8 tenuta la manifestazione di canto corale della scuola secondaria di I grado di Petrella Tifernina. Il coro degli alunni, guidato dalla prof.ssa Fasolino, si \u00e8 esibito in un repertorio di canti attuali e classici, dimostrando intonazione, senso musicale e spirito di condivisione. L&#8217;evento \u00e8 stato molto apprezzato dalla [&hellip;]<\/p>\n","protected":false},"author":1,"featured_media":0,"comment_status":"closed","ping_status":"closed","sticky":false,"template":"","format":"standard","meta":{"footnotes":""},"categories":[1],"tags":[],"_links":{"self":[{"href":"https:\/\/icripalimosani.edu.it\/site\/wp-json\/wp\/v2\/posts\/7773"}],"collection":[{"href":"https:\/\/icripalimosani.edu.it\/site\/wp-json\/wp\/v2\/posts"}],"about":[{"href":"https:\/\/icripalimosani.edu.it\/site\/wp-json\/wp\/v2\/types\/post"}],"author":[{"embeddable":true,"href":"https:\/\/icripalimosani.edu.it\/site\/wp-json\/wp\/v2\/users\/1"}],"replies":[{"embeddable":true,"href":"https:\/\/icripalimosani.edu.it\/site\/wp-json\/wp\/v2\/comments?post=7773"}],"version-history":[{"count":0,"href":"https:\/\/icripalimosani.edu.it\/site\/wp-json\/wp\/v2\/posts\/7773\/revisions"}],"wp:attachment":[{"href":"https:\/\/icripalimosani.edu.it\/site\/wp-json\/wp\/v2\/media?parent=7773"}],"wp:term":[{"taxonomy":"category","embeddable":true,"href":"https:\/\/icripalimosani.edu.it\/site\/wp-json\/wp\/v2\/categories?post=7773"},{"taxonomy":"post_tag","embeddable":true,"href":"https:\/\/icripalimosani.edu.it\/site\/wp-json\/wp\/v2\/tags?post=7773"}],"curies":[{"name":"wp","href":"https:\/\/api.w.org\/{rel}","templated":true}]}}